{"id":2234,"date":"2022-03-29T13:34:31","date_gmt":"2022-03-29T10:34:31","guid":{"rendered":"https:\/\/pallo.ro\/?p=2234"},"modified":"2022-04-26T13:53:36","modified_gmt":"2022-04-26T10:53:36","slug":"az-elokeszito-osztalyba-valo-beiratkozassal-kapcsolatos-tudnivalok-2022-2023-as-tanev","status":"publish","type":"post","link":"https:\/\/pallo.ro\/ro\/az-elokeszito-osztalyba-valo-beiratkozassal-kapcsolatos-tudnivalok-2022-2023-as-tanev\/","title":{"rendered":"Informa\u021bii privind \u00eenscrierea \u00een clasa preg\u0103titoare (2022-2023)"},"content":{"rendered":"<a href=\"https:\/\/pallo.ro\/wp-content\/uploads\/2022\/03\/Utbaigazitas-szuloknek_2022_OME_3445.pdf\" class=\"pdfemb-viewer\" style=\"\" data-width=\"max\" data-height=\"max\"  data-toolbar=\"both\" data-toolbar-fixed=\"off\">Utbaigazitas-szuloknek_2022_OME_3445<br\/><\/a>\n<p><span style=\"color: #ff00ff;\"><strong>Iratkoz\u00e1shoz sz\u00fcks\u00e9ges dokumentumok:<\/strong><\/span><\/p>\n<ul>\n<li><span style=\"color: #ff00ff;\">beiratkoz\u00f3 gyerek sz\u00fclet\u00e9si igazolv\u00e1nya: eredeti \u00e9s m\u00e1solat<\/span><\/li>\n<li><span style=\"color: #ff00ff;\">sz\u00fcl\u0151k szem\u00e9lyi igazolv\u00e1nya: eredeti \u00e9s m\u00e1solat<\/span><\/li>\n<li><span style=\"color: #ff00ff;\">mappa dosszi\u00e9 (plic dosar)<\/span><\/li>\n<li><span style=\"color: #ff00ff;\">azoknak a gyermekeknek akik 2022. szeptember 1. \u00e9s december 31. k\u00f6z\u00f6tt t\u00f6ltik be a 6. \u00e9let\u00e9v\u00fcket \u00e9s ha:<\/span>\n<ul>\n<li><span style=\"color: #ff00ff;\">nem j\u00e1rtak \u00f3vod\u00e1ba, sz\u00fcks\u00e9ges a fejletts\u00e9gi szintr\u0151l egy CJRAE \u00e1ltal kibocs\u00e1tott bizonylat<\/span><\/li>\n<li><span style=\"color: #ff00ff;\">j\u00e1rtak \u00f3vod\u00e1ba, sz\u00fcks\u00e9ges egy aj\u00e1nl\u00e1s az \u00f3vod\u00e1t\u00f3l<\/span><\/li>\n<\/ul>\n<\/li>\n<li><span style=\"color: #ff00ff;\">a beiratkoz\u00e1si k\u00e9r\u00e9st a titk\u00e1rs\u00e1gon kit\u00f6ltik majd a sz\u00fcl\u0151k leellen\u0151rzik<\/span><\/li>\n<\/ul>\n","protected":false},"excerpt":{"rendered":"<p>Iratkoz\u00e1shoz sz\u00fcks\u00e9ges dokumentumok: beiratkoz\u00f3 gyerek sz\u00fclet\u00e9si igazolv\u00e1nya: eredeti \u00e9s m\u00e1solat sz\u00fcl\u0151k szem\u00e9lyi igazolv\u00e1nya: eredeti \u00e9s&#8230;<\/p>\n","protected":false},"author":5,"featured_media":508,"comment_status":"closed","ping_status":"open","sticky":false,"template":"","format":"standard","meta":{"_expiration-date-status":"","_expiration-date":0,"_expiration-date-type":"","_expiration-date-categories":[],"_expiration-date-options":[],"footnotes":""},"categories":[21],"tags":[],"class_list":["post-2234","post","type-post","status-publish","format-standard","has-post-thumbnail","hentry","category-stiri"],"_links":{"self":[{"href":"https:\/\/pallo.ro\/ro\/wp-json\/wp\/v2\/posts\/2234\/"}],"collection":[{"href":"https:\/\/pallo.ro\/ro\/wp-json\/wp\/v2\/posts\/"}],"about":[{"href":"https:\/\/pallo.ro\/ro\/wp-json\/wp\/v2\/types\/post\/"}],"author":[{"embeddable":true,"href":"https:\/\/pallo.ro\/ro\/wp-json\/wp\/v2\/users\/5\/"}],"replies":[{"embeddable":true,"href":"https:\/\/pallo.ro\/ro\/wp-json\/wp\/v2\/comments\/?post=2234"}],"version-history":[{"count":2,"href":"https:\/\/pallo.ro\/ro\/wp-json\/wp\/v2\/posts\/2234\/revisions\/"}],"predecessor-version":[{"id":2279,"href":"https:\/\/pallo.ro\/ro\/wp-json\/wp\/v2\/posts\/2234\/revisions\/2279\/"}],"wp:featuredmedia":[{"embeddable":true,"href":"https:\/\/pallo.ro\/ro\/wp-json\/wp\/v2\/media\/508\/"}],"wp:attachment":[{"href":"https:\/\/pallo.ro\/ro\/wp-json\/wp\/v2\/media\/?parent=2234"}],"wp:term":[{"taxonomy":"category","embeddable":true,"href":"https:\/\/pallo.ro\/ro\/wp-json\/wp\/v2\/categories\/?post=2234"},{"taxonomy":"post_tag","embeddable":true,"href":"https:\/\/pallo.ro\/ro\/wp-json\/wp\/v2\/tags\/?post=2234"}],"curies":[{"name":"wp","href":"https:\/\/api.w.org\/{rel}","templated":true}]}}